

{"id":1971,"date":"2025-03-22T12:29:30","date_gmt":"2025-03-22T11:29:30","guid":{"rendered":"https:\/\/www.shiftermanagement.be\/?p=1971"},"modified":"2025-07-06T09:27:39","modified_gmt":"2025-07-06T07:27:39","slug":"les-sans-peches-capitaux","status":"publish","type":"post","link":"https:\/\/www.shiftermanagement.be\/?p=1971","title":{"rendered":"VTT\/Gravel : les sans p\u00e9ch\u00e9s capitaux"},"content":{"rendered":"\n<figure class=\"wp-block-image size-full\"><a href=\"https:\/\/www.visualobject.be\/photos\/sport\/vtt\/vtt_sans_peches_capitaux\/index.html\" target=\"_blank\" rel=\" noreferrer noopener\"><img loading=\"lazy\" decoding=\"async\" width=\"80\" height=\"80\" src=\"https:\/\/www.shiftermanagement.be\/wp-content\/uploads\/2025\/03\/Photos_80px.png\" alt=\"\" class=\"wp-image-2006\"\/><\/a><figcaption class=\"wp-element-caption\">Cliquez ici pour voir les photos<\/figcaption><\/figure>\n\n\n\n\n\n\t\t\t\t<div id=\"map_ol3js_1\" class=\"map undefined\" data-map_name=\"undefined\" data-map=\"map_ol3js_1\" style=\"width:100%; max-width:100%; height:450px; display:block; overflow:hidden;border:2px solid grey;\" >\n\t\t\t\t  <div id=\"map_ol3js_1_popup\" class=\"ol-popup\" >\n\t\t\t\t\t<a href=\"#\" id=\"map_ol3js_1_popup-closer\" class=\"ol-popup-closer\"><\/a>\n\t\t\t\t\t<div id=\"map_ol3js_1_popup-content\" ><\/div>\n\t\t\t\t  <\/div>\n\t\t\t\t<\/div>\n\t\t\t\n\t\t\t\t<link rel=\"stylesheet\" href=\"https:\/\/www.shiftermanagement.be\/wp-content\/plugins\/osm\/js\/OL\/7.1.0\/ol.css?ver=7.1.0\" type=\"text\/css\">\n\t\t\t\t<link rel=\"stylesheet\" href=\"https:\/\/www.shiftermanagement.be\/wp-content\/plugins\/osm\/css\/osm_map_v3.css?ver=1.0.0\" type=\"text\/css\">\n\t\t\t\t<link rel=\"stylesheet\" href=\"https:\/\/www.shiftermanagement.be\/wp-content\/plugins\/osm\/css\/osm_map.css?ver=1.0.0\" type=\"text\/css\">\n\t\t\t\t<!-- The line below is only needed for old environments like Internet Explorer and Android 4.x -->\n                                <script src=\"https:\/\/www.shiftermanagement.be\/wp-content\/plugins\/osm\/js\/polyfill\/v2\/polyfill.min.js?features=requestAnimationFrame,Element.prototype.classList,URL\"><\/script>\n\n\t\t\t\t<script src=\"https:\/\/www.shiftermanagement.be\/wp-content\/plugins\/osm\/js\/OL\/7.1.0\/ol.js?ver=7.1.0\" type=\"text\/javascript\"><\/script>\n\t\t\t\t<script src=\"https:\/\/www.shiftermanagement.be\/wp-content\/plugins\/osm\/js\/osm-v3-plugin-lib.js?ver=1.0.0\" type=\"text\/javascript\"><\/script>\n\t\t\t\t<script src=\"https:\/\/www.shiftermanagement.be\/wp-content\/plugins\/osm\/js\/osm-metabox-events.js?ver=1.0.0\" type=\"text\/javascript\"><\/script>\n\t\t\t\t<script src=\"https:\/\/www.shiftermanagement.be\/wp-content\/plugins\/osm\/js\/osm-startup-lib.js\" type=\"text\/javascript\"><\/script>\n\t\t\t\t<script type=\"text\/javascript\">\n\t\t\t\t\ttranslations['openlayer'] = \"open layer\";\n\t\t\t\t\ttranslations['openlayerAtStartup'] = \"open layer at startup\";\n\t\t\t\t\ttranslations['generateLink'] = \"link to this map with opened layers\";\n\t\t\t\t\ttranslations['shortDescription'] = \"short description\";\n\t\t\t\t\ttranslations['generatedShortCode'] = \"to get a text control link paste this code in your wordpress editor\";\n\t\t\t\t\ttranslations['closeLayer'] = \"close layer\";\n\t\t\t\t\ttranslations['cantGenerateLink'] = \"put this string in the existing map short code to control this map\";\n\t\t\t  <\/script>\n\n\n\t\t\t  <script type=\"text\/javascript\">\n\t\t\t  vectorM['map_ol3js_1'] = [];\n\t        \n        var raster = getTileLayer(\"osm\",\"NoKey\");\t\t\t\n\n\t\t\t  var map_ol3js_1 = new ol.Map({\n\t\t\t\tinteractions: ol.interaction.defaults.defaults({mouseWheelZoom:false}),\n\t\t\t\tlayers: [raster],\n\t\t\t\ttarget: \"map_ol3js_1\",\n\t\t\t\tview: new ol.View({\n\t\t\t\t  center: ol.proj.transform([4.8828,50.4697], \"EPSG:4326\", \"EPSG:3857\"),\n\t\t\t\t  zoom: 12.0\n\t\t\t\t})\n\t\t\t  });\n\t\t\t  \n    var style0 = {\n      \"Point\": [new ol.style.Style({\n\n          image: new ol.style.Icon({\n            anchor: [0.5, 41],\n            anchorXUnits: \"fraction\",\n            anchorYUnits: \"pixels\",\n            opacity: 0.75,\n            src: \"https:\/\/www.shiftermanagement.be\/wp-content\/plugins\/osm\/icons\/mic_red_pinother_02.png\"\n          })\n      })],\n\n      \"LineString\": [new ol.style.Style({\n        stroke: new ol.style.Stroke({\n          color: \"red\",\n          width: 8\n        })\n      })],\n      \"MultiLineString\": [new ol.style.Style({\n        stroke: new ol.style.Stroke({\n          color: \"red\",\n          width: 4\n        })\n      })]\n    };\n\t\t  var vectorL0 = new ol.layer.Vector({\n\t\t\t\tsource: new ol.source.Vector({\n\t\t\t\turl:\"https:\/\/www.shiftermanagement.be\/wp-content\/uploads\/gpx\/sans_peches_capitaux.gpx\",\n\t\t\t\tformat: new ol.format.GPX({\n\t\t\t\t\textractStyles: false\n\t\t\t\t})\n\t\t\t}),\n\t\t\tzIndex: 92,\n\t\t\tstyle: function(feature, resolution) {return style0[feature.getGeometry().getType()];}\n\t\t  });\n\t\t  map_ol3js_1.addLayer(vectorL0);\n    var style1 = {\n      \"Point\": [new ol.style.Style({\n\n          image: new ol.style.Icon({\n            anchor: [0.5, 41],\n            anchorXUnits: \"fraction\",\n            anchorYUnits: \"pixels\",\n            opacity: 0.75,\n            src: \"https:\/\/www.shiftermanagement.be\/wp-content\/plugins\/osm\/icons\/mic_blue_pinother_02.png\"\n          })\n      })],\n\n      \"LineString\": [new ol.style.Style({\n        stroke: new ol.style.Stroke({\n          color: \"blue\",\n          width: 8\n        })\n      })],\n      \"MultiLineString\": [new ol.style.Style({\n        stroke: new ol.style.Stroke({\n          color: \"blue\",\n          width: 4\n        })\n      })]\n    };\n\t\t  var vectorL1 = new ol.layer.Vector({\n\t\t\t\tsource: new ol.source.Vector({\n\t\t\t\turl:\"https:\/\/www.shiftermanagement.be\/wp-content\/uploads\/gpx\/sans_peches_capitaux_long.gpx\",\n\t\t\t\tformat: new ol.format.GPX({\n\t\t\t\t\textractStyles: false\n\t\t\t\t})\n\t\t\t}),\n\t\t\tzIndex: 92,\n\t\t\tstyle: function(feature, resolution) {return style1[feature.getGeometry().getType()];}\n\t\t  });\n\t\t  map_ol3js_1.addLayer(vectorL1);addControls2Map(map_ol3js_1,0,0,3,0,5,6,7,0,1);\nosm_addPopupClickhandler(map_ol3js_1,  \"map_ol3js_1\"); \nosm_addMouseHover(map_ol3js_1); <\/script>\n\n\n\n<p><\/p>\n\n\n<div class=\"wp-block-image\">\n<figure class=\"alignleft size-large is-resized\"><a href=\"https:\/\/www.visualobject.be\/photos\/sport\/vtt\/vtt_sans_peches_capitaux\/index.html\" target=\"_blank\" rel=\" noreferrer noopener\"><img loading=\"lazy\" decoding=\"async\" width=\"713\" height=\"1024\" src=\"https:\/\/www.shiftermanagement.be\/wp-content\/uploads\/2025\/03\/DSC06199-713x1024.jpg\" alt=\"\" class=\"wp-image-1974\" style=\"width:213px;height:auto\" srcset=\"https:\/\/www.shiftermanagement.be\/wp-content\/uploads\/2025\/03\/DSC06199-713x1024.jpg 713w, https:\/\/www.shiftermanagement.be\/wp-content\/uploads\/2025\/03\/DSC06199-209x300.jpg 209w, https:\/\/www.shiftermanagement.be\/wp-content\/uploads\/2025\/03\/DSC06199-768x1102.jpg 768w, https:\/\/www.shiftermanagement.be\/wp-content\/uploads\/2025\/03\/DSC06199-1070x1536.jpg 1070w, https:\/\/www.shiftermanagement.be\/wp-content\/uploads\/2025\/03\/DSC06199-1427x2048.jpg 1427w, https:\/\/www.shiftermanagement.be\/wp-content\/uploads\/2025\/03\/DSC06199-scaled.jpg 1784w\" sizes=\"auto, (max-width: 713px) 100vw, 713px\" \/><\/a><figcaption class=\"wp-element-caption\">Cliquez l&rsquo;image pour voir les photos<\/figcaption><\/figure>\n<\/div>\n\n\n<p>En ces temps de Car\u00eame, et de f\u00eate des cloches, la p\u00e9riode est peut-\u00eatre bienvenue pour une introspection et r\u00e9aliser un constat des p\u00e9ch\u00e9s que nous avons en souffrance. C\u2019est capital. Vous me direz qu\u2019il suffit d\u2019un petit tour \u00e0 l\u2019\u00e9glise, dans la bo\u00eete \u00e0 aveux, de raconter toutes ses mis\u00e8res r\u00e9elles ou suppos\u00e9es, trois Ave et deux Pater et, hop, c\u2019est oubli\u00e9. Dans mon cas, j\u2019ai fait le calcul et je devrais faire une cure de cur\u00e9s d\u2019au moins cinq jours d\u2019affil\u00e9e, en ne tenant compte que des heures ouvrables.<\/p>\n\n\n\n<p>Alors, je me suis dit qu\u2019un p\u00e8lerinage devrait faire l\u2019affaire. Oui, mais lequel&nbsp;? Saint-Jacques&nbsp;? Trop long et puis il y a les punaises de lit. Lourdes&nbsp;? Je n\u2019ai pas de b\u00e9quille. La Mecque&nbsp;? Euh \u2026 non&nbsp;! Banneux&nbsp;? Il n\u2019y a pas de bon resto dans le coin. Saintes-Maries-de-la-Mer&nbsp;? Je d\u00e9teste le camping.<\/p>\n\n\n\n<p>Et puis, je me suis dit qu\u2019un p\u00e8lerinage qui passe par les chapelles namuroises devrait faire l\u2019affaire \u2026 \u00e0 v\u00e9lo. <strong><mark style=\"background-color:#fcb900\" class=\"has-inline-color has-black-color\">Gravel ou VTT<\/mark><\/strong>, autant lier l\u2019utile \u00e0 l\u2019agr\u00e9able.<\/p>\n\n\n\n<p>Pour rendre cela plus ludique, j\u2019ai cr\u00e9\u00e9 un jeu&nbsp;: \u00ab&nbsp;<mark style=\"background-color:rgba(0, 0, 0, 0)\" class=\"has-inline-color has-vivid-cyan-blue-color\"><em>le jeu des sans p\u00e9ch\u00e9s capitaux<\/em>&nbsp;<\/mark>\u00bb.<\/p>\n\n\n\n<p><strong><u>Principe et r\u00e8gles.<\/u><\/strong><\/p>\n\n\n\n<p>Vous partez avec un capital de 100 p\u00e9ch\u00e9s que vous devez vous faire pardonner. A chaque \u00e9preuve, vous gagnez des pardons \u2026 mais vous pouvez aussi en perdre.<\/p>\n\n\n\n<p>Si vous croisez une bonne s\u0153ur, c\u2019est 3 pardons, 6 si elle est \u00e0 v\u00e9lo. Si vous croisez un cur\u00e9, c\u2019est 2 pardons. Mais s\u2019il est avec des enfants de ch\u0153ur, il y a un pi\u00e8ge, car c\u2019est 20 p\u00e9ch\u00e9s en plus. Attention&nbsp;!<\/p>\n\n\n\n<p>Un pardon pour chaque petit cierge allum\u00e9, 2 pour les grands.<\/p>\n\n\n\n<p>Vous pouvez prendre de l\u2019avance en r\u00e9citant un Ave ou un Pater \u00e0 chaque fois que vous passez devant une chapelle. C\u2019est un p\u00e9ch\u00e9 en moins \u00e0 chaque fois.<\/p>\n\n\n\n<p>A chaque chapelle, votre compteur de p\u00e9ch\u00e9s diminue de 2.<\/p>\n\n\n\n<p>Le but est d\u2019arriver sans plus aucun p\u00e9ch\u00e9 \u00e0 faire pardonner.<\/p>\n\n\n\n<p>N\u2019oubliez pas qu\u2019il y a un vieux monsieur, une chope \u00e0 la main, qui vous surveille de son nuage. Il voit tout et sait si vous trichez.&nbsp;Et, non, ce n\u2019est pas le p\u00e8re Fouras.<\/p>\n\n\n\n<p>Commencez par faire votre compte de p\u00e9ch\u00e9s. Si vous n\u2019arrivez pas ou que vous d\u00e9passez les 100 p\u00e9ch\u00e9s, vous n\u2019avez qu\u2019\u00e0 faire une <em>r\u00e8gle des trois<\/em> pour initialiser votre compteur. La r\u00e8gle des trois, c\u2019est celle du p\u00e8re, du fils et du sain d\u2019esprit.<\/p>\n\n\n\n<p><strong><u>L\u2019exercice<\/u><\/strong><\/p>\n\n\n\n<p>Comme d\u2019habitude, le point de d\u00e9part est le Grognon. Il y a un parking et des \u00e9glises, dans le cas o\u00f9 votre capital de p\u00e9ch\u00e9s ne serait pas nul \u00e0 l\u2019arriv\u00e9e.<\/p>\n\n\n\n<p>On part le long de la Sambre vers le pied de la Citadelle. L\u00e0, un beau single en c\u00f4te, le sentier Adenet, vous permet d\u00e9j\u00e0 de cumuler des pardons, beaucoup de pardons&nbsp;: 30 \u2026 \u00e0 condition d\u2019arriver au-dessus sans mettre le pied \u00e0 terre. Attention, si vous descendez deux m\u00e8tres avant la fin, c\u2019est foutu.<\/p>\n\n\n\n<p>Suit une autre belle mont\u00e9e qui vous vaudra 10 pardons en arrivant \u00e0 la <a href=\"https:\/\/fr.wikipedia.org\/wiki\/Chapelle_Sainte-Th%C3%A9r%C3%A8se_de_Namur\" target=\"_blank\" rel=\"noreferrer noopener\">Chapelle Sainte-Th\u00e9r\u00e8se <\/a>(petit truc&nbsp;: il y a des cierges \u00e0 l\u2019int\u00e9rieur).<\/p>\n\n\n<div class=\"wp-block-image\">\n<figure class=\"alignleft size-large is-resized\"><img loading=\"lazy\" decoding=\"async\" width=\"1024\" height=\"683\" src=\"https:\/\/www.shiftermanagement.be\/wp-content\/uploads\/2025\/03\/DSC06201-1024x683.jpg\" alt=\"\" class=\"wp-image-1975\" style=\"width:362px;height:auto\" srcset=\"https:\/\/www.shiftermanagement.be\/wp-content\/uploads\/2025\/03\/DSC06201-1024x683.jpg 1024w, https:\/\/www.shiftermanagement.be\/wp-content\/uploads\/2025\/03\/DSC06201-300x200.jpg 300w, https:\/\/www.shiftermanagement.be\/wp-content\/uploads\/2025\/03\/DSC06201-768x512.jpg 768w, https:\/\/www.shiftermanagement.be\/wp-content\/uploads\/2025\/03\/DSC06201-1536x1024.jpg 1536w, https:\/\/www.shiftermanagement.be\/wp-content\/uploads\/2025\/03\/DSC06201-2048x1365.jpg 2048w, https:\/\/www.shiftermanagement.be\/wp-content\/uploads\/2025\/03\/DSC06201-1200x800.jpg 1200w\" sizes=\"auto, (max-width: 767px) 89vw, (max-width: 1000px) 54vw, (max-width: 1071px) 543px, 580px\" \/><\/figure>\n<\/div>\n\n\n<p>Prochaine \u00e9tape, la chapelle canadienne (1911) ou <a href=\"https:\/\/fr.wikipedia.org\/wiki\/Chapelle_canadienne_de_Namur\" target=\"_blank\" rel=\"noreferrer noopener\">\u00e9glise Saint-S\u00e9raphim de Sarov<\/a>, une \u00e9glise russe orthodoxe qui est bouff\u00e9e par les termites. <\/p>\n\n\n\n<p><\/p>\n\n\n\n<p><\/p>\n\n\n\n<p>Ensuite, on part vers Malonne et ses chapelles Saint-Thibaut, inventeur du vaccin contre la coqueluche, et Lessire, du nom du boucher qui a pay\u00e9 sa construction en 1865.<\/p>\n\n\n\n<p>Une fois les fonds de Malonne atteints, il ne reste plus que \u2026 \u00e0 remonter vers le cimeti\u00e8re. Si vous y arrivez sans mettre pied \u00e0 terre, il y a un bonus de 8 pardons qui vous redonne du c\u0153ur \u00e0 l\u2019ouvrage avant de vous diriger vers Floreffe. Mais, juste avant d\u2019y arriver, vous trouvez la petite <a href=\"https:\/\/malonnetransitionne.be\/SM\/points-dinteret\/27-renelde\/\" target=\"_blank\" rel=\"noreferrer noopener\">chapelle Sainte Renelde<\/a> m\u00e9connue car sur un terrain priv\u00e9, appartenant \u00e0 la famille de Dorlodot, mais dont la travers\u00e9e est tol\u00e9r\u00e9e. Respectez donc ce lieu. Si vous perdez vos cheveux ou que vous \u00eates perclus de scrofules, c\u2019est le bon endroit. <\/p>\n\n\n\n<p>Un peu plus loin, de l\u2019autre c\u00f4t\u00e9 de la N90, vous passez devant la <a href=\"https:\/\/www.bibliotheca-floreffia.be\/project\/floreffe-rue-du-coriat-chapelle-notre-dame-des-affliges\/\" target=\"_blank\" rel=\"noreferrer noopener\">chapelle Notre-Dame des Afflig\u00e9s <\/a>qui date de 1632 et qui jouxte un carmel. Avec un peu de chance, vous pouvez augmenter votre capital de pardons si vous y arrivez en m\u00eame temps que des bonnes s\u0153urs.<\/p>\n\n\n\n<p>Dans la petite rue Saint-Martin, vous trouverez une chapelle d\u00e9di\u00e9e \u00e0 la famille Massart. Je n\u2019ai trouv\u00e9 aucune r\u00e9f\u00e9rence relative \u00e0 cette chapelle si ce n\u2019est qu\u2019elle date de 1911.<\/p>\n\n\n<div class=\"wp-block-image\">\n<figure class=\"alignright size-large is-resized\"><img loading=\"lazy\" decoding=\"async\" width=\"1024\" height=\"683\" src=\"https:\/\/www.shiftermanagement.be\/wp-content\/uploads\/2025\/03\/DSC06216-1024x683.jpg\" alt=\"\" class=\"wp-image-1977\" style=\"width:319px;height:auto\" srcset=\"https:\/\/www.shiftermanagement.be\/wp-content\/uploads\/2025\/03\/DSC06216-1024x683.jpg 1024w, https:\/\/www.shiftermanagement.be\/wp-content\/uploads\/2025\/03\/DSC06216-300x200.jpg 300w, https:\/\/www.shiftermanagement.be\/wp-content\/uploads\/2025\/03\/DSC06216-768x512.jpg 768w, https:\/\/www.shiftermanagement.be\/wp-content\/uploads\/2025\/03\/DSC06216-1536x1024.jpg 1536w, https:\/\/www.shiftermanagement.be\/wp-content\/uploads\/2025\/03\/DSC06216-2048x1365.jpg 2048w, https:\/\/www.shiftermanagement.be\/wp-content\/uploads\/2025\/03\/DSC06216-1200x800.jpg 1200w\" sizes=\"auto, (max-width: 767px) 89vw, (max-width: 1000px) 54vw, (max-width: 1071px) 543px, 580px\" \/><\/figure>\n<\/div>\n\n\n<p>L\u2019abbaye de Floreffe est mondialement connue mais je vous sugg\u00e8re d\u2019emprunter plut\u00f4t le chemin qui monte vers l\u2019\u00e9glise Notre-Dame du Rosaire. Je ne connaissais pas cet endroit mais le cimeti\u00e8re qui l\u2019entoure est tr\u00e8s impressionnant. Le chemin se monte sur le v\u00e9lo et \u00e0 la p\u00e9dale&nbsp;: 10 pardons au sommet. 8 pardons suppl\u00e9mentaires si vous trouvez le monument fun\u00e9raire de la famille propri\u00e9taire de la <a href=\"https:\/\/fr.wikipedia.org\/wiki\/Renelde_de_Saintes\" target=\"_blank\" rel=\"noreferrer noopener\">chapelle Sainte Renelde<\/a>.<\/p>\n\n\n\n<p>Apr\u00e8s avoir travers\u00e9 la Sambre, vous verrez une inint\u00e9ressante chapelle de reconnaissance \u00e0 Sainte-Th\u00e9r\u00e8se.<\/p>\n\n\n\n<p>Le long de la Sambre, vous partez ensuite vers Soye par un chemin campagnard. Vous laissez la chapelle Saint-Roch (1636) sur votre droite. Saint-Roch gu\u00e9rit de la peste (noire et brune). Au bout de la rue, la petite-d\u00e9labr\u00e9e-moche-vieille (biffez les mentions inutiles) <a href=\"https:\/\/www.bibliotheca-floreffia.be\/project\/soye-carrefour-des-rues-saint-roch-et-de-la-basse-sambre-chapelle-saint-antoine\/\" target=\"_blank\" rel=\"noreferrer noopener\">chapelle de Saint-Antoine<\/a>  vous attend. Il est le patron des objets perdus et est assez efficace puisque m\u00eame ses chapelles sont perdues.<\/p>\n\n\n\n<p>Continuez le chemin vers la (moche) chapelle Notre-Dame des Afflig\u00e9s. Elle date de 1872 et est construite \u00e0 l\u2019endroit o\u00f9 les anciens seigneurs de Soye rendaient la justice.<\/p>\n\n\n\n<p>Le chemin du Bois de Namur, \u00e0 travers bois, permet d\u2019ajouter 10 pardons \u00e0 votre cr\u00e9dit \u00e0 condition d\u2019 y arriver sans mettre pied \u00e0 terre.<\/p>\n\n\n<div class=\"wp-block-image\">\n<figure class=\"alignleft size-large is-resized\"><img loading=\"lazy\" decoding=\"async\" width=\"683\" height=\"1024\" src=\"https:\/\/www.shiftermanagement.be\/wp-content\/uploads\/2025\/03\/DSC06225-683x1024.jpg\" alt=\"\" class=\"wp-image-1980\" style=\"width:160px;height:auto\" srcset=\"https:\/\/www.shiftermanagement.be\/wp-content\/uploads\/2025\/03\/DSC06225-683x1024.jpg 683w, https:\/\/www.shiftermanagement.be\/wp-content\/uploads\/2025\/03\/DSC06225-200x300.jpg 200w, https:\/\/www.shiftermanagement.be\/wp-content\/uploads\/2025\/03\/DSC06225-768x1152.jpg 768w, https:\/\/www.shiftermanagement.be\/wp-content\/uploads\/2025\/03\/DSC06225-1024x1536.jpg 1024w, https:\/\/www.shiftermanagement.be\/wp-content\/uploads\/2025\/03\/DSC06225-1365x2048.jpg 1365w, https:\/\/www.shiftermanagement.be\/wp-content\/uploads\/2025\/03\/DSC06225-600x900.jpg 600w, https:\/\/www.shiftermanagement.be\/wp-content\/uploads\/2025\/03\/DSC06225-scaled.jpg 1706w\" sizes=\"auto, (max-width: 683px) 100vw, 683px\" \/><\/figure>\n<\/div>\n\n\n<p>Au bout des Batys de Soye, de l\u2019autre c\u00f4t\u00e9 de la route de Floreffe, au pied du ch\u00e2teau d\u2019eau, vous verrez la chapelle Hannot (1854), du nom d\u2019un sanctuaire du 18<sup>\u00e8me<\/sup> \u00e9difi\u00e9 par Jacques Hannot. Bon, elle est \u00e9galement tr\u00e8s moche et c\u2019est une ruine en devenir.<\/p>\n\n\n\n<p><\/p>\n\n\n\n<p>A cet endroit, vous allez devoir faire un choix. Soit, vous en avez et dans ce cas, vous portez \u00e0 gauche (&nbsp;? ) et vous empruntez le chemin \u2026 des <em>burnes<\/em> (cela ne s\u2019invente pas&nbsp;!).<\/p>\n\n\n\n<p class=\"has-vivid-purple-color has-text-color has-link-color wp-elements-032600d3e60db525dc3836c7ad36f96d\">Si votre Croix est devenue trop Lourdes sur votre Chemin, continuez la lecture au chapitre \u00ab&nbsp;<em><a href=\"#versionraccourcie\"><strong>version raccourcie<\/strong>&nbsp;<\/a><\/em>\u00bb.<\/p>\n\n\n\n<p><\/p>\n\n\n\n<p>En lisant ceci, vous comprenez que c\u2019est au pied du mur que l\u2019on reconnait le v\u00e9ritable p\u00e8lerin.<\/p>\n\n\n\n<p>Vous vous dirigez vers le village de Temploux. Arriv\u00e9 au club de tennis, la petite chapelle de Notre Dame Auxiliatrice de 1901 (autrement nomm\u00e9e \u00ab&nbsp;reposoir de la Vierge \u00e0 l\u2019Enfant&nbsp;\u00bb) se pr\u00e9sente \u00e0 vous. Elle appartient aujourd\u2019hui \u00e0 l\u2019Asbl Brocante de Temploux (mais ne fait pas partie des articles vendus au 15 ao\u00fbt).<\/p>\n\n\n\n<p>Au coin de la chauss\u00e9e de Nivelles, ce n\u2019est pas l\u2019aubette qui vend les tickets d\u2019entr\u00e9e au foot que vous verrez mais bien une chapelle d\u00e9di\u00e9e \u00e0 Notre Dame de Lourdes.<\/p>\n\n\n\n<p>Sur la chauss\u00e9e de Nivelles, l\u2019int\u00e9rieur de la petite chapelle Saint-Joseph (1879) vaut un coup d\u2019\u0153il, ne serait-ce que par sa collection de photographies.<\/p>\n\n\n\n<p>L\u2019a\u00e9rodrome de Temploux n\u2019est pas vraiment une chapelle mais rien ne vous emp\u00eache d\u2019y siroter une bi\u00e8re \u00e0 sa terrasse en ayant une pens\u00e9e pour Saint \u2026 Exup\u00e9ry. Le reste de parcours ne pr\u00e9sente plus de r\u00e9elle difficult\u00e9 (sous-entendu&nbsp;: \u00ab&nbsp;<em>vous pouvez vous l\u00e2cher<\/em>&nbsp;\u00bb).<\/p>\n\n\n\n<p>Ensuite, direction Rhisnes, et son \u00e9glise Saint-Didier, avec un passage qui vous fera voir la Lumi\u00e8re de l\u2019au-del\u00e0 (si, si). Attention, au d\u00e9part de la rue de Gembloux, il faut descendre un petit escalier peu visible.<\/p>\n\n\n\n<p>En bas de la rue de la Station, vous trouverez la borne-potale de Notre-Dame de Hal. La borne-potale est \u00e9rig\u00e9e pour la protection des champs et des cultures, le souvenir d\u2019un \u00e9v\u00e9nement tragique, elle sert d\u2019\u00e9tape sur le chemin d\u2019une procession, marque la pr\u00e9sence du sacr\u00e9 dans un lieu r\u00e9put\u00e9 mal\u00e9fique, ou tout simplement est le fruit du v\u0153u d\u2019un particulier.<\/p>\n\n\n\n<p>A Frizet, vous passerez devant la chapelle du Sacrement (1826). Elle se trouve un peu apr\u00e8s les ruines de l\u2019\u00e9glise Saint-Martin qui, \u00e0 mon sens, n\u2019est plus qu\u2019un tas de pierres qui devrait \u00eatre d\u00e9moli.<\/p>\n\n\n\n<p>Vous rejoignez le ravel jusqu\u2019\u00e0 la carri\u00e8re d\u2019Asty-Moulin o\u00f9 vous r\u00e9cup\u00e9rez les p\u00e8lerins fatigu\u00e9s.<\/p>\n\n\n\n<p class=\"has-vivid-purple-color has-text-color has-link-color wp-elements-6f35892b8be0927e53292e028d9abc1f\"><em><strong>Continuez sur \u00ab\u00a0<a href=\"#tracecommun\">Suite du trac\u00e9 commun\u00a0\u00bb<\/a><\/strong><\/em><\/p>\n\n\n\n<h2 class=\"wp-block-heading\" id=\"versionraccourcie\"><strong>La version raccourcie<\/strong><\/h2>\n\n\n\n<p>Continuez votre chemin vers Belgrade et ses commandos avant d\u2019arriver \u00e0 Flawinne et son \u00e9glise Notre-Dame de l\u2019Assomption. Oubliez le b\u00e2timent mais faites un tour dans l&rsquo;ancien  cimeti\u00e8re adjacent qui offre une belle vue sur la vall\u00e9e \u00e0 ses occupants.<\/p>\n\n\n\n<p>Dans la descente vers la Sambre, vous passez devant la chapelle Sainte Ad\u00e8le qui ressemble \u00e0 un d\u00e9potoir. Rien que pour passer devant et la regarder, vous m\u00e9ritez bien 5 pardons suppl\u00e9mentaires.<\/p>\n\n\n\n<p>Le retour vers Namur se fait tranquillos le long de la Sambre.<\/p>\n\n\n\n<p>A hauteur de Tabora, on repasse sous le chemin de fer pour emprunter le ravel.<\/p>\n\n\n\n<h2 class=\"wp-block-heading\" id=\"tracecommun\"><strong>Suite du trac\u00e9 commun<\/strong><\/h2>\n\n\n\n<p> Sur le ravel, les anciennes <a href=\"https:\/\/www.empreintes.be\/asty\/\" target=\"_blank\" rel=\"noreferrer noopener\">carri\u00e8res d\u2019Asty-Moulin<\/a> sont travers\u00e9es de part en part.. Une petite route en mont\u00e9e vous am\u00e8ne ensuite vers la <a href=\"https:\/\/fr.wikipedia.org\/wiki\/Chapelle_Saint-Donat_de_Saint-Servais\" target=\"_blank\" rel=\"noreferrer noopener\">chapelle Saint-Donat<\/a> (1813), elle est bien cach\u00e9e et il faut vraiment savoir qu\u2019il s\u2019agit d\u2019une chapelle. Saint Donat \u00e9tait un centurion romain que l\u2019on invoquait pour se prot\u00e9ger des intemp\u00e9ries. Il a eu beaucoup de boulot ces derni\u00e8res ann\u00e9es.<\/p>\n\n\n\n<p>La <a href=\"https:\/\/fr.wikipedia.org\/wiki\/Chapelle_d%27Hastimoulin\" target=\"_blank\" rel=\"noreferrer noopener\">chapelle d\u2019Hastimoulin<\/a> (1250) est un peu perdue dans la cit\u00e9 Germinale. Elle a \u00e9t\u00e9 restaur\u00e9e pour plus de 200.000 \u20ac et est toujours inoccup\u00e9e. Pour la x\u00e8me fois, on promet aux habitants d\u2019en faire un espace culturel. <\/p>\n\n\n\n<p>On redescend vers la Sambre pour entrer dans l\u2019intramuros namurois en commen\u00e7ant par la <a href=\"https:\/\/fr.wikipedia.org\/wiki\/Chapelle_Notre-Dame-du-Rempart_de_Namur\" target=\"_blank\" rel=\"noreferrer noopener\">chapelle Notre-Dame-du-Rempart<\/a> (1868) qui serait la protectrice de Namur. <\/p>\n\n\n\n<p>Un passage dans les b\u00e2timents de l\u2019universit\u00e9 de Namur nous am\u00e8ne vers la <a href=\"https:\/\/chapelleuniversitairenamur.be\/\" target=\"_blank\" rel=\"noreferrer noopener\">chapelle universitaire Notre-Dame de la Paix<\/a>. Anim\u00e9 par des j\u00e9suites, c\u2019est l\u2019endroit id\u00e9al pour vous convertir. J\u2019ai redoubl\u00e9 ma fr\u00e9quence de p\u00e9dalage en passant devant. <\/p>\n\n\n\n<p>Un passage \u00e0 Namur ne peut se faire sans voir la <a href=\"https:\/\/diocesedenamur.be\/actualites\/lhistoire-de-la-construction-de-la-cathedrale-saint-aubain\/\" target=\"_blank\" rel=\"noreferrer noopener\">cath\u00e9drale Saint-Aubain<\/a> (1751). <\/p>\n\n\n\n<p>Le b\u00e2timent sert surtout de jardin botanique pour tous les arbustes qui poussent dans sa corniche mais le plus int\u00e9ressant se trouve <em>en-dessous<\/em>. Ce sont les caves de vieillissement en bouteilles de la <a href=\"https:\/\/www.grafe.be\/fr\/notre-maison\/nos-caves-a-vins-dexception\/\" target=\"_blank\" rel=\"noreferrer noopener\">maison Graf\u00e9-Lecocq<\/a>. Imaginez 500 m\u00e8tres de galeries remplies de bouteilles de pinard. <\/p>\n\n\n\n<p><a href=\"https:\/\/www.eglise-saint-loup.be\/\" target=\"_blank\" rel=\"noreferrer noopener\">L\u2019\u00e9glise baroque Saint-Loup<\/a> (1621) est en plein coeur de la ville, elle est tr\u00e8s souvent utilis\u00e9e pour des expositions.&nbsp;<\/p>\n\n\n\n<p>Le dernier point du p\u00e8lerinage est l\u2019<a href=\"https:\/\/fr.wikipedia.org\/wiki\/%C3%89glise_Saint-Jean-Baptiste_de_Namur\" target=\"_blank\" rel=\"noreferrer noopener\">\u00e9glise Saint-Jean Baptiste<\/a> (XIII \u00e8me si\u00e8cle) sur la place March\u00e9 aux L\u00e9gumes que les namurois ont baptis\u00e9e \u00ab&nbsp;place du vieux&nbsp;\u00bb. C\u2019est dans cette \u00e9glise que la traditionnelle messe en wallon des f\u00eates de la r\u00e9gion wallonne a pris naissance en 1952. <\/p>\n\n\n\n<p>Sur cette place, vous \u00eates autoris\u00e9s \u00e0 vous installer \u00e0 une des terrasses et \u00e0 commander une bonne bi\u00e8re. Pour info, le caf\u00e9 \u00ab&nbsp;Ratin-T\u00f4t&nbsp;\u00bb est le plus ancien de la ville de Namur. La terrasse n\u2019est pas consid\u00e9r\u00e9e comme une chapelle et n\u2019a donc aucune influence sur le compteur.<\/p>\n\n\n\n<p>C\u2019est le moment d\u2019\u00e9tablir votre r\u00e9sultat. S\u2019il vous reste encore des p\u00e9ch\u00e9s \u00e0 vous faire pardonner, je vous sugg\u00e8re de reprendre une tourn\u00e9e de bi\u00e8re. Et ainsi de suite jusqu\u2019\u00e0 \u00e9puisement.<\/p>\n\n\n\n<p>Quand vous serez de retour au Grognon, vous devrez, normalement, vous retrouver <em>sans p\u00e9ch\u00e9 capital<\/em>.<\/p>\n\n\n\n<p>La version courte de ce p\u00e8lerinage fait une <strong>quarantaine de kilom\u00e8tres pour 600 m\u00e8tres de D+<\/strong>. Mais ne vous y trompez pas, malgr\u00e9 son apparente facilit\u00e9, il y a quand m\u00eame quelques c\u00f4tes pas mal piqu\u00e9es des ver(re)s.<\/p>\n\n\n\n<div class=\"wp-block-buttons is-content-justification-center is-layout-flex wp-container-core-buttons-is-layout-16018d1d wp-block-buttons-is-layout-flex\">\n<div class=\"wp-block-button is-style-outline is-style-outline--1\"><a class=\"wp-block-button__link has-luminous-vivid-orange-background-color has-background wp-element-button\" href=\"https:\/\/www.shiftermanagement.be\/wp-content\/uploads\/gpx\/sans_peches_capitaux.gpx\" target=\"_blank\" rel=\"noreferrer noopener\">T\u00e9l\u00e9charger le trac\u00e9 \u00ab\u00a0court\u00a0\u00bb en GPX<\/a><\/div>\n<\/div>\n\n\n\n<p><\/p>\n\n\n\n<p>La version \u00ab\u00a0longue\u00a0\u00bb, quant \u00e0 elle, est d&rsquo;une <strong>cinquantaine de kilom\u00e8tres pour 700 m\u00e8tres de D+<\/strong>.<\/p>\n\n\n\n<div class=\"wp-block-buttons is-content-justification-center is-layout-flex wp-container-core-buttons-is-layout-16018d1d wp-block-buttons-is-layout-flex\">\n<div class=\"wp-block-button is-style-outline is-style-outline--2\"><a class=\"wp-block-button__link has-luminous-vivid-orange-background-color has-background wp-element-button\" href=\"https:\/\/www.shiftermanagement.be\/wp-content\/uploads\/gpx\/sans_peches_capitaux_long.gpx\" target=\"_blank\" rel=\"noreferrer noopener\">T\u00e9l\u00e9charger le trac\u00e9 \u00ab\u00a0long\u00a0\u00bb en GPX<\/a><\/div>\n<\/div>\n\n\n\n<p>Rappelez-vous que&nbsp;:<\/p>\n\n\n\n<ul class=\"wp-block-list\">\n<li><em>L\u2019\u00e2ne peut aller \u00e0 la Mecque, il n\u2019en reviendra pas p\u00e8lerin.<\/em><\/li>\n\n\n\n<li><em>La curiosit\u00e9, pas moins que la d\u00e9votion, font les p\u00e8lerins.<\/em><\/li>\n<\/ul>\n\n\n\n<p><\/p>\n","protected":false},"excerpt":{"rendered":"<p>En ces temps de Car\u00eame, et de f\u00eate des cloches, la p\u00e9riode est peut-\u00eatre bienvenue pour une introspection et r\u00e9aliser un constat des p\u00e9ch\u00e9s que nous avons en souffrance. C\u2019est capital. Vous me direz qu\u2019il suffit d\u2019un petit tour \u00e0 l\u2019\u00e9glise, dans la bo\u00eete \u00e0 aveux, de raconter toutes ses mis\u00e8res r\u00e9elles ou suppos\u00e9es, trois &hellip; <\/p>\n<p class=\"link-more\"><a href=\"https:\/\/www.shiftermanagement.be\/?p=1971\" class=\"more-link\">Continuer la lecture<span class=\"screen-reader-text\"> de &laquo;&nbsp;VTT\/Gravel : les sans p\u00e9ch\u00e9s capitaux&nbsp;&raquo;<\/span><\/a><\/p>\n","protected":false},"author":1,"featured_media":1979,"comment_status":"closed","ping_status":"closed","sticky":false,"template":"","format":"standard","meta":{"ngg_post_thumbnail":0,"_jetpack_memberships_contains_paid_content":false,"footnotes":""},"categories":[8],"tags":[],"class_list":["post-1971","post","type-post","status-publish","format-standard","has-post-thumbnail","hentry","category-vtt"],"jetpack_featured_media_url":"https:\/\/www.shiftermanagement.be\/wp-content\/uploads\/2025\/03\/DSC06211-scaled.jpg","jetpack_sharing_enabled":true,"_links":{"self":[{"href":"https:\/\/www.shiftermanagement.be\/index.php?rest_route=\/wp\/v2\/posts\/1971","targetHints":{"allow":["GET"]}}],"collection":[{"href":"https:\/\/www.shiftermanagement.be\/index.php?rest_route=\/wp\/v2\/posts"}],"about":[{"href":"https:\/\/www.shiftermanagement.be\/index.php?rest_route=\/wp\/v2\/types\/post"}],"author":[{"embeddable":true,"href":"https:\/\/www.shiftermanagement.be\/index.php?rest_route=\/wp\/v2\/users\/1"}],"replies":[{"embeddable":true,"href":"https:\/\/www.shiftermanagement.be\/index.php?rest_route=%2Fwp%2Fv2%2Fcomments&post=1971"}],"version-history":[{"count":32,"href":"https:\/\/www.shiftermanagement.be\/index.php?rest_route=\/wp\/v2\/posts\/1971\/revisions"}],"predecessor-version":[{"id":2050,"href":"https:\/\/www.shiftermanagement.be\/index.php?rest_route=\/wp\/v2\/posts\/1971\/revisions\/2050"}],"wp:featuredmedia":[{"embeddable":true,"href":"https:\/\/www.shiftermanagement.be\/index.php?rest_route=\/wp\/v2\/media\/1979"}],"wp:attachment":[{"href":"https:\/\/www.shiftermanagement.be\/index.php?rest_route=%2Fwp%2Fv2%2Fmedia&parent=1971"}],"wp:term":[{"taxonomy":"category","embeddable":true,"href":"https:\/\/www.shiftermanagement.be\/index.php?rest_route=%2Fwp%2Fv2%2Fcategories&post=1971"},{"taxonomy":"post_tag","embeddable":true,"href":"https:\/\/www.shiftermanagement.be\/index.php?rest_route=%2Fwp%2Fv2%2Ftags&post=1971"}],"curies":[{"name":"wp","href":"https:\/\/api.w.org\/{rel}","templated":true}]}}